{"id":10434,"date":"2025-06-18T15:05:11","date_gmt":"2025-06-18T13:05:11","guid":{"rendered":"https:\/\/dockaas.nl\/?p=10434"},"modified":"2025-06-18T15:05:14","modified_gmt":"2025-06-18T13:05:14","slug":"gremien-von-arla-und-dmk-group-stimmen-fusionsplaenen-zu","status":"publish","type":"post","link":"https:\/\/dockaas.nl\/de\/news\/doc-kaas-ua-de\/gremien-von-arla-und-dmk-group-stimmen-fusionsplaenen-zu\/","title":{"rendered":"Gremien von Arla und DMK Group stimmen Fusionspl\u00e4nen zu"},"content":{"rendered":"<style>\n    .hero {\n        background-image:linear-gradient(to right, rgba(248, 253, 255, 1), rgba(248, 253, 255, 1), rgba(0, 0, 0, 0)),url(' https:\/\/dockaas.nl\/app\/uploads\/2025\/06\/Absichtserklarung-DMK_Arla-3-1-scaled.jpg ');\n    }\n\n    @media (max-width: 1024px) {\n        .hero {\n            background-image:linear-gradient(to top, rgba(248, 253, 255, 1), rgba(248, 253, 255, 0.95), rgba(0, 0, 0, 0)),url(' https:\/\/dockaas.nl\/app\/uploads\/2025\/06\/Absichtserklarung-DMK_Arla-3-1-scaled.jpg ');\n        }\n    }\n<\/style>\n\n<section class=\"hero !bg-no-repeat !bg-cover !bg-center flex items-center\">\n    <div class=\"top-0 left-0 h-full w-full relative px-4 pt-36\">\n        <div class=\"container mx-auto\">\n            <div class=\"hero-title\">\n                                <h1 class=\"pl-8 pr-0 lg:pr-8 border-l-5 md:border-l-10 border-secondary text-[2.75rem] md:text-[4rem] leading-tight text-primary-light break-normal\"><h3><strong>Gremien von Arla und DMK Group stimmen Fusionspl\u00e4nen zu<\/strong><\/h3>\n<\/h1>\n                                \n                \n            <\/div>\n        <\/div>\n\n                <div class=\"container mx-auto py-6 lg:px-10 text-grey mt-24\">\n            <p id=\"breadcrumbs\"><span><span><a href=\"https:\/\/dockaas.nl\/de\/\">Home<\/a><\/span><\/span><\/p>        <\/div>\n        \n    <\/div>\n<\/section>\n\n\n\n<section  class=\"py-16 bg-lighter\">\n\n         \n        \n    \n    <div class=\"w-full lg:w-[55rem] flex flex-col gap-6 content px-4 m-auto\">\n\n                <div class=\"text-primary-light text-[2.75rem] relative after:content[''] after:h-0.5 after:w-24 after:bg-secondary after:absolute after:mt-2 leading-tight break-normal title\">\n            <h5>Gremien von Arla und DMK Group stimmen Fusionspl\u00e4nen zu<\/h5>\n\n        <\/div>\n        \n                <div class=\"text-grey leading-7 font-light\">\n            <h6>Bremen\/Viby J (D\u00e4nemark), 18. Juni 2025.<\/h6>\n<p>Die Molkereigenossenschaften Arla Foods und die DMK Group (DMK eG + DOC Kaas U.A.) freuen sich, bekannt zu geben, dass die beschlussfassenden Organe der Genossenschaften der geplanten Fusion zugestimmt haben. Dies ist ein bedeutender Meilenstein bei der Zusammenf\u00fchrung zweier Unternehmen, die gemeinsame Werte vertreten und deren St\u00e4rken sich in hohem Ma\u00dfe erg\u00e4nzen. Damit wird der Weg f\u00fcr eine neue \u00c4ra in der Milchwirtschaft geebnet. Der beabsichtigte Zusammenschluss bedarf noch der Genehmigung durch die zust\u00e4ndigen Beh\u00f6rden.<\/p>\n<p>Heute haben die beschlussfassenden Gremien von Arla und der DMK Group die Fusionsabsicht beider Unternehmen mit klarer Mehrheit bef\u00fcrwortet. Mit einer mehrheitlichen Zustimmung bei den Genossenschaften Arla, DMK eG und DOC Kaas U.A. spiegeln die Abstimmungsergebnisse die starke Unterst\u00fctzung der Landwirte als Eigent\u00fcmer beider Unternehmen f\u00fcr eine Fusion wider. Der geplante Zusammenschluss soll nicht nur auf Wachstum abzielen, sondern auch das Beste beider Unternehmen zum Wohle ihrer Landwirte, Mitarbeiter, Kunden und Verbraucher vereinen.<\/p>\n<p>&nbsp;<\/p>\n<h6>B\u00fcndelung sich erg\u00e4nzender St\u00e4rken f\u00fcr eine starke Milchwirtschaft<\/h6>\n<p>Durch die Fusion werden die internationale Reichweite und Innovationskompetenz von Arla mit dem starken und vielf\u00e4ltigen Produktportfolio und Know-how der DMK Group vereint. Dank dieser sich erg\u00e4nzenden Kompetenzen wird die gemeinsame Genossenschaft einzigartig positioniert sein: Mit einem breiteren Angebot an hochwertigen Milchprodukten, vermehrten Produktinnovationen und einer starken Marktpr\u00e4senz wird sie einen noch gr\u00f6\u00dferen Mehrwert schaffen. Seit der Ank\u00fcndigung der geplanten Fusion haben Arla und die DMK Group eine Reihe von Treffen in den Regionen der beiden Unternehmen abgehalten, um einen offenen Dialog zu f\u00f6rdern und den Genossenschaftsmitgliedern die M\u00f6glichkeit zu geben, ihre Meinungen und Fragen zu \u00e4u\u00dfern.<\/p>\n<p>&nbsp;<\/p>\n<p>Jan Toft N\u00f8rgaard, Aufsichtsratsvorsitzender von Arla Foods: \u201e<em>Ich danke meinen Eigent\u00fcmerkollegen f\u00fcr ihre aktive Teilnahme. Die Zustimmung der Genossenschafts-mitglieder best\u00e4tigt unsere gemeinsame \u00dcberzeugung, dass Arla und die DMK Group gemeinsam st\u00e4rker sind. Durch die B\u00fcndelung unserer sich erg\u00e4nzenden St\u00e4rken k\u00f6nnen wir eine nachhaltigere und innovativere Milchwirtschaft f\u00fcr die Zukunft sichern und dabei weiterhin einen Mehrwert f\u00fcr unsere Eigent\u00fcmer und Partner schaffen.\u201c<\/em><\/p>\n<p>&nbsp;<\/p>\n<p>Heinz Korte, Aufsichtsratsvorsitzender der DMK Group: \u201e<em>Bei DMK teilen wir die gleichen Werte wie Arla, haben die gleiche Herangehensweise an unsere Arbeit und eine gemeinsame Vision f\u00fcr die Zukunft der Milchwirtschaft. Ich freue mich sehr, dass meine Berufskollegen heute der Fusion zugestimmt haben und damit unseren Weg unterst\u00fctzen. Ich danke allen Mitgliedern, die so ihr Vertrauen in die St\u00e4rke dieser Idee bekundet haben. Denn ich bin fest davon \u00fcberzeugt, dass sich diese Entscheidung als richtig erweisen wird.\u201c<\/em><\/p>\n<p>&nbsp;<\/p>\n<h6>Eine langj\u00e4hrige Zusammenarbeit als Basis<\/h6>\n<p>Die Partnerschaft zwischen Arla Foods und der DMK Group hat sich bereits in erfolgreichen<br \/>\nJoint Ventures bew\u00e4hrt. Ein Beispiel hierf\u00fcr ist ArNoCo, das die St\u00e4rke der DMK in der<br \/>\nK\u00e4seproduktion mit der globalen Expertise von Arla im Bereich Zutaten (Ingredients)<br \/>\nkombiniert. Auf dieser Grundlage wird der Zusammenschluss weitere Fortschritte in den<br \/>\nBereichen Molkereitechnologie, nachhaltige Produktion und Ern\u00e4hrungskompetenz<br \/>\nvorantreiben.<\/p>\n<p>&nbsp;<\/p>\n<p>Peder Tuborgh, CEO von Arla Foods: \u201e<em>Wir wissen aus Erfahrung, dass unsere<\/em><br \/>\n<em>Organisationen gut zusammenarbeiten. Durch den Zusammenschluss k\u00f6nnen wir<\/em><br \/>\n<em>Innovationen beschleunigen und noch mehr Menschen mit hochwertigen Produkten<\/em><br \/>\n<em>versorgen, w\u00e4hrend wir gleichzeitig einen starken Milchpreis f\u00fcr unsere Landwirte sichern.\u201c<\/em><\/p>\n<p>&nbsp;<\/p>\n<p>Ingo M\u00fcller, CEO der DMK Group: \u201e<em>Die Zustimmung unserer Genossenschaftsmitglieder ist<\/em><br \/>\n<em>ein starkes Signal. Es zeigt, dass wir die genossenschaftliche Idee leben und daran glauben,<\/em><br \/>\n<em>dass wir gemeinsam noch st\u00e4rker sein k\u00f6nnen. Und dass wir bereit sind, Verantwortung zu<\/em><br \/>\n<em>\u00fcbernehmen. F\u00fcr unsere Unternehmen. F\u00fcr die n\u00e4chste Generation von Landwirten. Und f\u00fcr<\/em><br \/>\n<em>die Versorgung der Menschen mit hochwertigen Lebensmitteln \u2013 hier in Deutschland, aber<\/em><br \/>\n<em>auch weit dar\u00fcber hinaus.\u201c<\/em><\/p>\n<p>&nbsp;<\/p>\n<p>&nbsp;<\/p>\n<h6>N\u00e4chste Schritte<\/h6>\n<p>Mit der heute erfolgten Zustimmung der Genossenschaftsvertreter, wird die Fusion nun den<br \/>\nbeh\u00f6rdlichen Pr\u00fcfungsverfahren unterzogen, die voraussichtlich im 1. Quartal 2026<br \/>\nabgeschlossen sein werden. Bis zum Vorliegen der endg\u00fcltigen Ergebnisse der beh\u00f6rdlichen<br \/>\nPr\u00fcfung werden die beiden Unternehmen wie bisher als zwei unabh\u00e4ngige Einheiten<br \/>\nweiterarbeiten.<\/p>\n<p>&nbsp;<\/p>\n<p>Das fusionierte Unternehmen wird den Namen Arla tragen und seinen Hauptsitz in Viby J,<br \/>\nD\u00e4nemark, haben. Jan Toft N\u00f8rgaard wird die Position des Aufsichtsratsvorsitzenden<br \/>\n\u00fcbernehmen, Peder Tuborgh wird CEO und Ingo M\u00fcller wird als EVP (Executive Vice<br \/>\nPresident) in die Gesch\u00e4ftsleitung (EMT: Executive Management Team) von Arla eintreten<br \/>\nund die Integration nach der Fusion steuern.<\/p>\n<p>&nbsp;<\/p>\n<h5><strong>Fakten (Zahlen Gesch\u00e4ftsjahr 2024):<\/strong><\/h5>\n<h5><strong>Arla Foods:<\/strong><br \/>\nUmsatz: 13,8 Mrd. EUR<br \/>\nLandwirte: 7,600<br \/>\nMitarbeiter: 21,900<br \/>\nMilchmenge: 13,7 Mrd. kg.<\/h5>\n<p><strong>DMK Group:<\/strong><br \/>\nUmsatz: 5,1 Mrd. EUR<br \/>\nLandwirte: 4,600<br \/>\nMitarbeiter: 6,800<br \/>\nMilchmenge: 5,3 Mrd. Kg.<\/p>\n<p>&nbsp;<\/p>\n<h6>\u00dcber die DMK Group:<\/h6>\n<p>&nbsp;<\/p>\n<p>Die gr\u00f6\u00dfte deutsche Molkereigenossenschaft verarbeitet mit rund 6.800 Mitarbeitenden an mehr als 20 Standorten in Deutschland, den Niederlanden und weiteren internationalen Hubs Milch zu<br \/>\nLebensmitteln h\u00f6chster Qualit\u00e4t. Die neue Unternehmenszentrale nahe des Bremer Flughafens bietet<br \/>\nRaum f\u00fcr rund 900 Arbeitspl\u00e4tze und bildet die Grundlage f\u00fcr modernes Arbeiten. Das Produktportfolio der DMK Group reicht von K\u00e4se, Molkereiprodukten und Ingredients (Zutaten) \u00fcber Babynahrung, Eis und Molkenprodukte bis hin zu veganen Produkten. Marken wie MILRAM, Oldenburger, Uniekaas, Alete und Humana genie\u00dfen bei Verbrauchern im In- und Ausland gro\u00dfes Vertrauen und machen das Unternehmen zur festen Gr\u00f6\u00dfe in seinen Heimat- und ausgew\u00e4hlten Zielm\u00e4rkten rund um den Globus.<\/p>\n<p>Als einer der gr\u00f6\u00dften Lieferanten (Top 5) des deutschen Lebensmitteleinzelhandels und mit einem<br \/>\nUmsatz von 5,1 Milliarden Euro deutscher Branchenprimus, geh\u00f6rt die DMK Group auch europaweit zu den f\u00fchrenden Unternehmen der Ern\u00e4hrungswirtschaft. www.dmk.de<\/p>\n<p>&nbsp;<\/p>\n<h6>\u00dcber Arla Foods:<\/h6>\n<p>Arla Foods ist ein internationales Molkereiunternehmen, das sich im Besitz von mehr als 7.600<br \/>\nLandwirten aus D\u00e4nemark, Schweden, Gro\u00dfbritannien, Deutschland, Belgien, Luxemburg und den<br \/>\nNiederlanden befindet. Mit bekannten Marken wie Arla\u00ae, Lurpak\u00ae, Puck\u00ae und Castello\u00ae ist Arla Foods einer der f\u00fchrenden Akteure auf dem internationalen Milchmarkt. Arla Foods steht f\u00fcr gute<br \/>\nMilchprodukte aus nachhaltiger Produktion und ist der weltweit gr\u00f6\u00dfte Hersteller von Bio-<br \/>\nMilchprodukten. In Deutschland ist Arla Foods unter anderem mit starken Marken wie Arla Buko, Arla Skyr und Arla K\u00e6rg\u00e5rden vertreten. Deutschland ist einer der Kernm\u00e4rkten des Unternehmens.<br \/>\nHierzulande geh\u00f6rt Arla Foods zu den Top F\u00fcnf der Molkereibranche und besch\u00e4ftigt 1.600<br \/>\nMitarbeitende in zwei gro\u00dfen Milchwerken und der Deutschland-Zentrale in D\u00fcsseldorf. 1.250 deutsche Genossenschaftsmitglieder beliefern die Werke mit Milch. www.arla.com, www.arlafoods.de<\/p>\n\n        <\/div>\n        \n            <\/div>\n\n            <\/section>\n","protected":false},"excerpt":{"rendered":"<p>Der maximale Milchpreis f\u00fcr die deutsche Mitglieder von DOC Kaas U.A.<\/p>\n","protected":false},"author":33,"featured_media":5330,"comment_status":"closed","ping_status":"closed","sticky":false,"template":"","format":"standard","meta":{"_acf_changed":false,"footnotes":""},"categories":[35],"tags":[],"class_list":["post-10434","post","type-post","status-publish","format-standard","has-post-thumbnail","hentry","category-doc-kaas-ua-de"],"acf":[],"yoast_head":"<!-- This site is optimized with the Yoast SEO plugin v27.2 - https:\/\/yoast.com\/product\/yoast-seo-wordpress\/ -->\n<title>Gremien von Arla und DMK Group stimmen Fusionspl\u00e4nen zu - DOC Kaas U.A.<\/title>\n<meta name=\"robots\" content=\"index, follow, max-snippet:-1, max-image-preview:large, max-video-preview:-1\" \/>\n<link rel=\"canonical\" href=\"https:\/\/dockaas.nl\/de\/news\/doc-kaas-ua-de\/gremien-von-arla-und-dmk-group-stimmen-fusionsplaenen-zu\/\" \/>\n<meta property=\"og:locale\" content=\"de_DE\" \/>\n<meta property=\"og:type\" content=\"article\" \/>\n<meta property=\"og:title\" content=\"Gremien von Arla und DMK Group stimmen Fusionspl\u00e4nen zu - DOC Kaas U.A.\" \/>\n<meta property=\"og:description\" content=\"Der maximale Milchpreis f\u00fcr die deutsche Mitglieder von DOC Kaas U.A.\" \/>\n<meta property=\"og:url\" content=\"https:\/\/dockaas.nl\/de\/news\/doc-kaas-ua-de\/gremien-von-arla-und-dmk-group-stimmen-fusionsplaenen-zu\/\" \/>\n<meta property=\"og:site_name\" content=\"DOC Kaas U.A.\" \/>\n<meta property=\"article:published_time\" content=\"2025-06-18T13:05:11+00:00\" \/>\n<meta property=\"article:modified_time\" content=\"2025-06-18T13:05:14+00:00\" \/>\n<meta property=\"og:image\" content=\"https:\/\/dockaas.nl\/app\/uploads\/2022\/04\/dockaas-nieuwsbericht-melkprijs2-scaled.jpg\" \/>\n\t<meta property=\"og:image:width\" content=\"2560\" \/>\n\t<meta property=\"og:image:height\" content=\"1426\" \/>\n\t<meta property=\"og:image:type\" content=\"image\/jpeg\" \/>\n<meta name=\"author\" content=\"pmaat\" \/>\n<meta name=\"twitter:card\" content=\"summary_large_image\" \/>\n<meta name=\"twitter:label1\" content=\"Written by\" \/>\n\t<meta name=\"twitter:data1\" content=\"pmaat\" \/>\n<script type=\"application\/ld+json\" class=\"yoast-schema-graph\">{\"@context\":\"https:\/\/schema.org\",\"@graph\":[{\"@type\":\"Article\",\"@id\":\"https:\/\/dockaas.nl\/de\/news\/doc-kaas-ua-de\/gremien-von-arla-und-dmk-group-stimmen-fusionsplaenen-zu\/#article\",\"isPartOf\":{\"@id\":\"https:\/\/dockaas.nl\/de\/news\/doc-kaas-ua-de\/gremien-von-arla-und-dmk-group-stimmen-fusionsplaenen-zu\/\"},\"author\":{\"name\":\"pmaat\",\"@id\":\"https:\/\/dockaas.nl\/#\/schema\/person\/1600b355f4e7e27a39bfb76b7c9f5b11\"},\"headline\":\"Gremien von Arla und DMK Group stimmen Fusionspl\u00e4nen zu\",\"datePublished\":\"2025-06-18T13:05:11+00:00\",\"dateModified\":\"2025-06-18T13:05:14+00:00\",\"mainEntityOfPage\":{\"@id\":\"https:\/\/dockaas.nl\/de\/news\/doc-kaas-ua-de\/gremien-von-arla-und-dmk-group-stimmen-fusionsplaenen-zu\/\"},\"wordCount\":10,\"image\":{\"@id\":\"https:\/\/dockaas.nl\/de\/news\/doc-kaas-ua-de\/gremien-von-arla-und-dmk-group-stimmen-fusionsplaenen-zu\/#primaryimage\"},\"thumbnailUrl\":\"https:\/\/dockaas.nl\/app\/uploads\/2022\/04\/dockaas-nieuwsbericht-melkprijs2-scaled.jpg\",\"articleSection\":[\"DOC Kaas U.A.\"],\"inLanguage\":\"de-DE\"},{\"@type\":\"WebPage\",\"@id\":\"https:\/\/dockaas.nl\/de\/news\/doc-kaas-ua-de\/gremien-von-arla-und-dmk-group-stimmen-fusionsplaenen-zu\/\",\"url\":\"https:\/\/dockaas.nl\/de\/news\/doc-kaas-ua-de\/gremien-von-arla-und-dmk-group-stimmen-fusionsplaenen-zu\/\",\"name\":\"Gremien von Arla und DMK Group stimmen Fusionspl\u00e4nen zu - DOC Kaas U.A.\",\"isPartOf\":{\"@id\":\"https:\/\/dockaas.nl\/#website\"},\"primaryImageOfPage\":{\"@id\":\"https:\/\/dockaas.nl\/de\/news\/doc-kaas-ua-de\/gremien-von-arla-und-dmk-group-stimmen-fusionsplaenen-zu\/#primaryimage\"},\"image\":{\"@id\":\"https:\/\/dockaas.nl\/de\/news\/doc-kaas-ua-de\/gremien-von-arla-und-dmk-group-stimmen-fusionsplaenen-zu\/#primaryimage\"},\"thumbnailUrl\":\"https:\/\/dockaas.nl\/app\/uploads\/2022\/04\/dockaas-nieuwsbericht-melkprijs2-scaled.jpg\",\"datePublished\":\"2025-06-18T13:05:11+00:00\",\"dateModified\":\"2025-06-18T13:05:14+00:00\",\"author\":{\"@id\":\"https:\/\/dockaas.nl\/#\/schema\/person\/1600b355f4e7e27a39bfb76b7c9f5b11\"},\"breadcrumb\":{\"@id\":\"https:\/\/dockaas.nl\/de\/news\/doc-kaas-ua-de\/gremien-von-arla-und-dmk-group-stimmen-fusionsplaenen-zu\/#breadcrumb\"},\"inLanguage\":\"de-DE\",\"potentialAction\":[{\"@type\":\"ReadAction\",\"target\":[\"https:\/\/dockaas.nl\/de\/news\/doc-kaas-ua-de\/gremien-von-arla-und-dmk-group-stimmen-fusionsplaenen-zu\/\"]}]},{\"@type\":\"ImageObject\",\"inLanguage\":\"de-DE\",\"@id\":\"https:\/\/dockaas.nl\/de\/news\/doc-kaas-ua-de\/gremien-von-arla-und-dmk-group-stimmen-fusionsplaenen-zu\/#primaryimage\",\"url\":\"https:\/\/dockaas.nl\/app\/uploads\/2022\/04\/dockaas-nieuwsbericht-melkprijs2-scaled.jpg\",\"contentUrl\":\"https:\/\/dockaas.nl\/app\/uploads\/2022\/04\/dockaas-nieuwsbericht-melkprijs2-scaled.jpg\",\"width\":2560,\"height\":1426},{\"@type\":\"BreadcrumbList\",\"@id\":\"https:\/\/dockaas.nl\/de\/news\/doc-kaas-ua-de\/gremien-von-arla-und-dmk-group-stimmen-fusionsplaenen-zu\/#breadcrumb\",\"itemListElement\":[{\"@type\":\"ListItem\",\"position\":1,\"name\":\"Home\",\"item\":\"https:\/\/dockaas.nl\/de\/\"},{\"@type\":\"ListItem\",\"position\":2,\"name\":\"Aktuell\",\"item\":\"https:\/\/dockaas.nl\/de\/news\/\"},{\"@type\":\"ListItem\",\"position\":3,\"name\":\"DOC Kaas U.A.\",\"item\":\"https:\/\/dockaas.nl\/de\/news\/doc-kaas-ua-de\/\"},{\"@type\":\"ListItem\",\"position\":4,\"name\":\"Gremien von Arla und DMK Group stimmen Fusionspl\u00e4nen zu\"}]},{\"@type\":\"WebSite\",\"@id\":\"https:\/\/dockaas.nl\/#website\",\"url\":\"https:\/\/dockaas.nl\/\",\"name\":\"DOC Kaas U.A.\",\"description\":\"Van, voor en door de leden!\",\"potentialAction\":[{\"@type\":\"SearchAction\",\"target\":{\"@type\":\"EntryPoint\",\"urlTemplate\":\"https:\/\/dockaas.nl\/?s={search_term_string}\"},\"query-input\":{\"@type\":\"PropertyValueSpecification\",\"valueRequired\":true,\"valueName\":\"search_term_string\"}}],\"inLanguage\":\"de-DE\"},{\"@type\":\"Person\",\"@id\":\"https:\/\/dockaas.nl\/#\/schema\/person\/1600b355f4e7e27a39bfb76b7c9f5b11\",\"name\":\"pmaat\",\"image\":{\"@type\":\"ImageObject\",\"inLanguage\":\"de-DE\",\"@id\":\"https:\/\/secure.gravatar.com\/avatar\/5c1269b9fc681dd9951e91759b5026219d8347145e0e64e4627e27a7b9f70944?s=96&d=mm&r=g\",\"url\":\"https:\/\/secure.gravatar.com\/avatar\/5c1269b9fc681dd9951e91759b5026219d8347145e0e64e4627e27a7b9f70944?s=96&d=mm&r=g\",\"contentUrl\":\"https:\/\/secure.gravatar.com\/avatar\/5c1269b9fc681dd9951e91759b5026219d8347145e0e64e4627e27a7b9f70944?s=96&d=mm&r=g\",\"caption\":\"pmaat\"},\"url\":\"https:\/\/dockaas.nl\/de\/author\/pmaat\/\"}]}<\/script>\n<!-- \/ Yoast SEO plugin. -->","yoast_head_json":{"title":"Gremien von Arla und DMK Group stimmen Fusionspl\u00e4nen zu - DOC Kaas U.A.","robots":{"index":"index","follow":"follow","max-snippet":"max-snippet:-1","max-image-preview":"max-image-preview:large","max-video-preview":"max-video-preview:-1"},"canonical":"https:\/\/dockaas.nl\/de\/news\/doc-kaas-ua-de\/gremien-von-arla-und-dmk-group-stimmen-fusionsplaenen-zu\/","og_locale":"de_DE","og_type":"article","og_title":"Gremien von Arla und DMK Group stimmen Fusionspl\u00e4nen zu - DOC Kaas U.A.","og_description":"Der maximale Milchpreis f\u00fcr die deutsche Mitglieder von DOC Kaas U.A.","og_url":"https:\/\/dockaas.nl\/de\/news\/doc-kaas-ua-de\/gremien-von-arla-und-dmk-group-stimmen-fusionsplaenen-zu\/","og_site_name":"DOC Kaas U.A.","article_published_time":"2025-06-18T13:05:11+00:00","article_modified_time":"2025-06-18T13:05:14+00:00","og_image":[{"width":2560,"height":1426,"url":"https:\/\/dockaas.nl\/app\/uploads\/2022\/04\/dockaas-nieuwsbericht-melkprijs2-scaled.jpg","type":"image\/jpeg"}],"author":"pmaat","twitter_card":"summary_large_image","twitter_misc":{"Written by":"pmaat"},"schema":{"@context":"https:\/\/schema.org","@graph":[{"@type":"Article","@id":"https:\/\/dockaas.nl\/de\/news\/doc-kaas-ua-de\/gremien-von-arla-und-dmk-group-stimmen-fusionsplaenen-zu\/#article","isPartOf":{"@id":"https:\/\/dockaas.nl\/de\/news\/doc-kaas-ua-de\/gremien-von-arla-und-dmk-group-stimmen-fusionsplaenen-zu\/"},"author":{"name":"pmaat","@id":"https:\/\/dockaas.nl\/#\/schema\/person\/1600b355f4e7e27a39bfb76b7c9f5b11"},"headline":"Gremien von Arla und DMK Group stimmen Fusionspl\u00e4nen zu","datePublished":"2025-06-18T13:05:11+00:00","dateModified":"2025-06-18T13:05:14+00:00","mainEntityOfPage":{"@id":"https:\/\/dockaas.nl\/de\/news\/doc-kaas-ua-de\/gremien-von-arla-und-dmk-group-stimmen-fusionsplaenen-zu\/"},"wordCount":10,"image":{"@id":"https:\/\/dockaas.nl\/de\/news\/doc-kaas-ua-de\/gremien-von-arla-und-dmk-group-stimmen-fusionsplaenen-zu\/#primaryimage"},"thumbnailUrl":"https:\/\/dockaas.nl\/app\/uploads\/2022\/04\/dockaas-nieuwsbericht-melkprijs2-scaled.jpg","articleSection":["DOC Kaas U.A."],"inLanguage":"de-DE"},{"@type":"WebPage","@id":"https:\/\/dockaas.nl\/de\/news\/doc-kaas-ua-de\/gremien-von-arla-und-dmk-group-stimmen-fusionsplaenen-zu\/","url":"https:\/\/dockaas.nl\/de\/news\/doc-kaas-ua-de\/gremien-von-arla-und-dmk-group-stimmen-fusionsplaenen-zu\/","name":"Gremien von Arla und DMK Group stimmen Fusionspl\u00e4nen zu - DOC Kaas U.A.","isPartOf":{"@id":"https:\/\/dockaas.nl\/#website"},"primaryImageOfPage":{"@id":"https:\/\/dockaas.nl\/de\/news\/doc-kaas-ua-de\/gremien-von-arla-und-dmk-group-stimmen-fusionsplaenen-zu\/#primaryimage"},"image":{"@id":"https:\/\/dockaas.nl\/de\/news\/doc-kaas-ua-de\/gremien-von-arla-und-dmk-group-stimmen-fusionsplaenen-zu\/#primaryimage"},"thumbnailUrl":"https:\/\/dockaas.nl\/app\/uploads\/2022\/04\/dockaas-nieuwsbericht-melkprijs2-scaled.jpg","datePublished":"2025-06-18T13:05:11+00:00","dateModified":"2025-06-18T13:05:14+00:00","author":{"@id":"https:\/\/dockaas.nl\/#\/schema\/person\/1600b355f4e7e27a39bfb76b7c9f5b11"},"breadcrumb":{"@id":"https:\/\/dockaas.nl\/de\/news\/doc-kaas-ua-de\/gremien-von-arla-und-dmk-group-stimmen-fusionsplaenen-zu\/#breadcrumb"},"inLanguage":"de-DE","potentialAction":[{"@type":"ReadAction","target":["https:\/\/dockaas.nl\/de\/news\/doc-kaas-ua-de\/gremien-von-arla-und-dmk-group-stimmen-fusionsplaenen-zu\/"]}]},{"@type":"ImageObject","inLanguage":"de-DE","@id":"https:\/\/dockaas.nl\/de\/news\/doc-kaas-ua-de\/gremien-von-arla-und-dmk-group-stimmen-fusionsplaenen-zu\/#primaryimage","url":"https:\/\/dockaas.nl\/app\/uploads\/2022\/04\/dockaas-nieuwsbericht-melkprijs2-scaled.jpg","contentUrl":"https:\/\/dockaas.nl\/app\/uploads\/2022\/04\/dockaas-nieuwsbericht-melkprijs2-scaled.jpg","width":2560,"height":1426},{"@type":"BreadcrumbList","@id":"https:\/\/dockaas.nl\/de\/news\/doc-kaas-ua-de\/gremien-von-arla-und-dmk-group-stimmen-fusionsplaenen-zu\/#breadcrumb","itemListElement":[{"@type":"ListItem","position":1,"name":"Home","item":"https:\/\/dockaas.nl\/de\/"},{"@type":"ListItem","position":2,"name":"Aktuell","item":"https:\/\/dockaas.nl\/de\/news\/"},{"@type":"ListItem","position":3,"name":"DOC Kaas U.A.","item":"https:\/\/dockaas.nl\/de\/news\/doc-kaas-ua-de\/"},{"@type":"ListItem","position":4,"name":"Gremien von Arla und DMK Group stimmen Fusionspl\u00e4nen zu"}]},{"@type":"WebSite","@id":"https:\/\/dockaas.nl\/#website","url":"https:\/\/dockaas.nl\/","name":"DOC Kaas U.A.","description":"Van, voor en door de leden!","potentialAction":[{"@type":"SearchAction","target":{"@type":"EntryPoint","urlTemplate":"https:\/\/dockaas.nl\/?s={search_term_string}"},"query-input":{"@type":"PropertyValueSpecification","valueRequired":true,"valueName":"search_term_string"}}],"inLanguage":"de-DE"},{"@type":"Person","@id":"https:\/\/dockaas.nl\/#\/schema\/person\/1600b355f4e7e27a39bfb76b7c9f5b11","name":"pmaat","image":{"@type":"ImageObject","inLanguage":"de-DE","@id":"https:\/\/secure.gravatar.com\/avatar\/5c1269b9fc681dd9951e91759b5026219d8347145e0e64e4627e27a7b9f70944?s=96&d=mm&r=g","url":"https:\/\/secure.gravatar.com\/avatar\/5c1269b9fc681dd9951e91759b5026219d8347145e0e64e4627e27a7b9f70944?s=96&d=mm&r=g","contentUrl":"https:\/\/secure.gravatar.com\/avatar\/5c1269b9fc681dd9951e91759b5026219d8347145e0e64e4627e27a7b9f70944?s=96&d=mm&r=g","caption":"pmaat"},"url":"https:\/\/dockaas.nl\/de\/author\/pmaat\/"}]}},"_links":{"self":[{"href":"https:\/\/dockaas.nl\/de\/wp-json\/wp\/v2\/posts\/10434","targetHints":{"allow":["GET"]}}],"collection":[{"href":"https:\/\/dockaas.nl\/de\/wp-json\/wp\/v2\/posts"}],"about":[{"href":"https:\/\/dockaas.nl\/de\/wp-json\/wp\/v2\/types\/post"}],"author":[{"embeddable":true,"href":"https:\/\/dockaas.nl\/de\/wp-json\/wp\/v2\/users\/33"}],"replies":[{"embeddable":true,"href":"https:\/\/dockaas.nl\/de\/wp-json\/wp\/v2\/comments?post=10434"}],"version-history":[{"count":22,"href":"https:\/\/dockaas.nl\/de\/wp-json\/wp\/v2\/posts\/10434\/revisions"}],"predecessor-version":[{"id":10456,"href":"https:\/\/dockaas.nl\/de\/wp-json\/wp\/v2\/posts\/10434\/revisions\/10456"}],"wp:featuredmedia":[{"embeddable":true,"href":"https:\/\/dockaas.nl\/de\/wp-json\/wp\/v2\/media\/5330"}],"wp:attachment":[{"href":"https:\/\/dockaas.nl\/de\/wp-json\/wp\/v2\/media?parent=10434"}],"wp:term":[{"taxonomy":"category","embeddable":true,"href":"https:\/\/dockaas.nl\/de\/wp-json\/wp\/v2\/categories?post=10434"},{"taxonomy":"post_tag","embeddable":true,"href":"https:\/\/dockaas.nl\/de\/wp-json\/wp\/v2\/tags?post=10434"}],"curies":[{"name":"wp","href":"https:\/\/api.w.org\/{rel}","templated":true}]}}